{"id":1813,"date":"2025-06-12T15:07:21","date_gmt":"2025-06-12T13:07:21","guid":{"rendered":"https:\/\/www.regioneo.com\/?p=1813"},"modified":"2025-06-12T15:07:25","modified_gmt":"2025-06-12T13:07:25","slug":"kleineres-baguette-gegen-verschwendung","status":"publish","type":"post","link":"https:\/\/www.regioneo.com\/de\/kleineres-baguette-gegen-verschwendung\/","title":{"rendered":"Was w\u00e4re, wenn das Baguette kleiner w\u00fcrde, um der Verschwendung entgegenzuwirken?"},"content":{"rendered":"<p>Und wenn ein starkes Symbol der franz\u00f6sischen Kultur, die&nbsp;<strong>Baguette<\/strong>, Der Kampf gegen den Terrorismus ist ein wichtiger Grund f\u00fcr die Ver\u00e4nderung der Gr\u00f6\u00dfe des Landes.<a href=\"https:\/\/www.regioneo.com\/de\/regioneo-en-quelques-mots\/\">&nbsp;<strong>Lebensmittelverschwendung<\/strong>&nbsp;<\/a>? W\u00e4hrend aktuelle Studien auf die gro\u00dfe Menge an Brot hinweisen, die jeden Tag weggeworfen wird, taucht ein Vorschlag auf: Die Gr\u00f6\u00dfe der Baguettes zu reduzieren, um das Angebot besser an den tats\u00e4chlichen Verbrauch anzupassen.<\/p>\n\n\n\n<p>Bei&nbsp;<strong>Regioneo<\/strong>, In einer Zeit, in der das Engagement f\u00fcr lokale und verantwortungsbewusste Lebensmittel eine zentrale Rolle spielt, ist diese \u00dcberlegung ein Echo der Werte, die wir im Alltag tragen. In diesem Artikel befasst sich Regioneo mit dieser neuen Anti-M\u00fcll-Option, die von vielen in Betracht gezogen wird.<\/p>\n\n\n\n<h2 class=\"wp-block-heading\"><strong>Brotverschwendung in Frankreich: eine gro\u00dfe Herausforderung<\/strong><\/h2>\n\n\n\n<p>Brot ist eines der am meisten verschwendeten Lebensmittel in Frankreich. Laut der\u2019<a href=\"https:\/\/www.ademe.fr\/\"><strong>ADEME<\/strong><\/a>, w\u00fcrden fast 10% der nationalen Brotproduktion in den M\u00fcll wandern. Dies entspricht etwa&nbsp;<strong>150.000 Tonnen<\/strong>&nbsp;pro Jahr, was mehreren Millionen Baguettes entspricht. Die Gr\u00fcnde daf\u00fcr sind zu gro\u00dfe Eink\u00e4ufe, ungeeignete Formate oder schlechte Lagerung.<\/p>\n\n\n\n<p>Diese Feststellung veranlasst immer mehr Akteure, unsere Essgewohnheiten zu \u00fcberdenken. Denn neben dem wirtschaftlichen Aspekt hat diese Verschwendung auch \u00f6kologische Kosten: Weggeworfenes Brot bedeutet verschwendetes Wasser, Energie und Arbeit.<\/p>\n\n\n\n<h2 class=\"wp-block-heading\"><strong>Ein Vorschlag zur Verkleinerung der Baguettes<\/strong><\/h2>\n\n\n\n<p>Um diesem Ph\u00e4nomen zu begegnen, schlagen einige Studien und Initiativen vor, das Standardformat des Baguettes zu \u00fcberarbeiten. Die Idee: kleinere Baguettes anzubieten, die dem tats\u00e4chlichen t\u00e4glichen Verbrauch der Haushalte besser entsprechen. Dadurch k\u00f6nnten nicht verzehrte Reste und damit Lebensmittelverluste einged\u00e4mmt werden.<\/p>\n\n\n\n<p>K\u00fcrzere oder d\u00fcnnere Formate gibt es bereits in einigen Handwerksb\u00e4ckereien (Schn\u00fcre, halbe Baguettes, einzelne Brote), sind aber in gro\u00dfen Superm\u00e4rkten oder&nbsp;<strong>Vertriebsketten<\/strong>. Es stellt sich also die Frage, ob diese Formate zur Norm werden k\u00f6nnten.<\/p>\n\n\n\n<p>Ein kleineres Baguette k\u00f6nnte Teil eines umfassenderen Trends sein: fairere Portionen anzubieten, die einen an den tats\u00e4chlichen Bed\u00fcrfnissen ausgerichteten Konsum f\u00f6rdern und gleichzeitig die Umweltbelastung verringern.<\/p>\n\n\n\n<h2 class=\"wp-block-heading\"><strong>Welche Folgen hat ein kleineres Baguette bei den Produzenten?<\/strong><\/h2>\n\n\n\n<p>Eine \u00c4nderung der Baguettegr\u00f6\u00dfe h\u00e4tte Auswirkungen auf die gesamte Branche. Die B\u00e4cker k\u00f6nnten dazu veranlasst werden, ihre Praktiken zu \u00e4ndern: Anpassung der Rezepte, Neuorganisation der t\u00e4glichen Produktion, Untersuchung der Rentabilit\u00e4t...<\/p>\n\n\n\n<p>F\u00fcr die&nbsp;<strong>Getreidebauern<\/strong>, Die Herausforderung besteht nicht nur in der Menge, sondern auch in der Verwertung. Eine bessere Steuerung der Lebensmittelstr\u00f6me, ein ma\u00dfvollerer Verbrauch und weniger Verschwendung k\u00f6nnen eine nachhaltigere, widerstandsf\u00e4higere und st\u00e4rker in den Regionen verankerte Landwirtschaft f\u00f6rdern.<\/p>\n\n\n\n<p>Weniger Verschwendung f\u00fchrt nicht unbedingt zu einer geringeren Produktion: Es geht vielmehr darum, das Gleichgewicht zwischen Produktion, Verarbeitung und Verbrauch wiederherzustellen.<\/p>\n\n\n\n<h2 class=\"wp-block-heading\"><strong>Regioneos Engagement f\u00fcr einen verantwortungsvollen Konsum<\/strong><\/h2>\n\n\n\n<p>Eine lokalere, fairere und umweltfreundlichere Ern\u00e4hrung beginnt mit kleinen, konkreten Gesten. Kurze Wege zu f\u00f6rdern und einen Konsum zu unterst\u00fctzen, der den tats\u00e4chlichen Bed\u00fcrfnissen entspricht, sind Kernpunkte der Mission von Regioneo.<\/p>\n\n\n\n<p>Regioneo wertet Produzenten auf, die sich verpflichten, Verschwendung zu begrenzen, sei es durch weiterverteilte unverkaufte Waren oder durch die Verwendung lokaler Rohstoffe.<\/p>\n\n\n\n<h2 class=\"wp-block-heading\"><strong>Auf dem Weg zu einer neuen Konsumnorm?<\/strong><\/h2>\n\n\n\n<p>Die Verkleinerung von Baguettes ist vielleicht nicht nur eine Frage des Formats. Sie ber\u00fchrt die Wahrnehmung der&nbsp;<strong>Essgewohnheiten<\/strong>, Es geht um die Art und Weise, wie Produkte gedacht, hergestellt und konsumiert werden. Dieses Thema l\u00e4dt zu umfassenderen \u00dcberlegungen ein: K\u00f6nnen Verluste verringert werden, ohne die Traditionen des Essens zu gef\u00e4hrden? Muss sich das Angebot an die Nachfrage anpassen oder der Verbrauch an die \u00f6kologischen Zw\u00e4nge? Auf welche Weise werden alle Akteure der Produktionskette beeinflusst?<\/p>\n\n\n\n<p>Wird das kleinere Baguette in den kommenden Jahren zu einem neuen Standard werden? Oder wird es angesichts der Komplexit\u00e4t der Lebensmittelverschwendung eine einmalige Initiative bleiben? Die Antwort wird zweifellos von kollektiven Entscheidungen abh\u00e4ngen, aber auch von kleinen Gesten im Alltag.&nbsp;<\/p>","protected":false},"excerpt":{"rendered":"<p>Et si un symbole fort de la culture fran\u00e7aise, la&nbsp;baguette de pain, changeait de taille pour une cause essentielle : la lutte contre le&nbsp;gaspillage alimentaire&nbsp;? Alors que des \u00e9tudes r\u00e9centes pointent du doigt la quantit\u00e9 importante de pain jet\u00e9 chaque jour, une proposition \u00e9merge : r\u00e9duire la taille des baguettes pour mieux adapter l\u2019offre \u00e0 [&hellip;]<\/p>","protected":false},"author":1,"featured_media":1818,"comment_status":"closed","ping_status":"closed","sticky":false,"template":"","format":"standard","meta":{"_seopress_robots_primary_cat":"","_seopress_titles_title":"R\u00e9duire la taille de la baguette de pain : une solution antigaspi ?","_seopress_titles_desc":"D\u00e9couvrez les enjeux de la r\u00e9duction de la taille des baguettes pour les producteurs, la fili\u00e8re pain et la consommation responsable en France.","_seopress_robots_index":"","footnotes":""},"categories":[18],"tags":[],"class_list":["post-1813","post","type-post","status-publish","format-standard","has-post-thumbnail","hentry","category-lactualite-de-lanti-gaspillage"],"_links":{"self":[{"href":"https:\/\/www.regioneo.com\/de\/wp-json\/wp\/v2\/posts\/1813","targetHints":{"allow":["GET"]}}],"collection":[{"href":"https:\/\/www.regioneo.com\/de\/wp-json\/wp\/v2\/posts"}],"about":[{"href":"https:\/\/www.regioneo.com\/de\/wp-json\/wp\/v2\/types\/post"}],"author":[{"embeddable":true,"href":"https:\/\/www.regioneo.com\/de\/wp-json\/wp\/v2\/users\/1"}],"replies":[{"embeddable":true,"href":"https:\/\/www.regioneo.com\/de\/wp-json\/wp\/v2\/comments?post=1813"}],"version-history":[{"count":1,"href":"https:\/\/www.regioneo.com\/de\/wp-json\/wp\/v2\/posts\/1813\/revisions"}],"predecessor-version":[{"id":1822,"href":"https:\/\/www.regioneo.com\/de\/wp-json\/wp\/v2\/posts\/1813\/revisions\/1822"}],"wp:featuredmedia":[{"embeddable":true,"href":"https:\/\/www.regioneo.com\/de\/wp-json\/wp\/v2\/media\/1818"}],"wp:attachment":[{"href":"https:\/\/www.regioneo.com\/de\/wp-json\/wp\/v2\/media?parent=1813"}],"wp:term":[{"taxonomy":"category","embeddable":true,"href":"https:\/\/www.regioneo.com\/de\/wp-json\/wp\/v2\/categories?post=1813"},{"taxonomy":"post_tag","embeddable":true,"href":"https:\/\/www.regioneo.com\/de\/wp-json\/wp\/v2\/tags?post=1813"}],"curies":[{"name":"wp","href":"https:\/\/api.w.org\/{rel}","templated":true}]}}