{"id":2114,"date":"2025-11-21T11:33:02","date_gmt":"2025-11-21T10:33:02","guid":{"rendered":"https:\/\/www.regioneo.com\/?p=2114"},"modified":"2025-12-09T12:37:23","modified_gmt":"2025-12-09T11:37:23","slug":"regioneo-prasentiert-safe-conference","status":"publish","type":"post","link":"https:\/\/www.regioneo.com\/de\/regioneo-prasentiert-safe-conference\/","title":{"rendered":"Regioneo auf der SAFE-Jahreskonferenz in Br\u00fcssel vorgestellt"},"content":{"rendered":"<p>Am 20. November 2025 wurde Regioneo auf der SAFE-Jahreskonferenz in Br\u00fcssel vorgestellt, einem wichtigen Termin f\u00fcr die <strong>europ\u00e4ische Akteure, die sich f\u00fcr eine nachhaltigere Ern\u00e4hrung und die Verringerung der Lebensmittelverschwendung einsetzen<\/strong>. <\/p>\n\n\n\n<p>An der Seite von Vertretern des Europ\u00e4ischen Parlaments, der GD Gesundheit, der GD Landwirtschaft und zahlreicher nationaler und europ\u00e4ischer Organisationen hat unsere L\u00f6sung konkret veranschaulicht <strong>wie die Digitalisierung <a href=\"https:\/\/www.regioneo.com\/de\/unsere-funktionalitaten\/\" data-type=\"link\" data-id=\"https:\/\/www.regioneo.com\/nos-fonctionnalites\/\">den Erzeugern helfen, ihre Verluste zu begrenzen und ihre Ernte besser zu verwerten<\/a><\/strong>.<\/p>\n\n\n\n<h2 class=\"wp-block-heading\">Regioneo, eine konkrete L\u00f6sung f\u00fcr Produzenten<\/h2>\n\n\n\n<p>Auf dieser Konferenz konnte Regioneo zeigen, wie seine <strong><a href=\"https:\/\/www.regioneo.com\/de\/\" data-type=\"link\" data-id=\"https:\/\/www.regioneo.com\/\">schl\u00fcsselfertige E-Commerce-Plattform erm\u00f6glicht Produzenten<\/a><\/strong> Obst- und Gem\u00fcselieferanten, in kurzen Kreisl\u00e4ufen zu verkaufen, ihre unverkauften Waren besser zu verwalten und ihre Anti-Verschwendungsangebote hervorzuheben.<\/p>\n\n\n\n<p>Die Verwaltung von Katalogen, Kilo- oder St\u00fcckpreisen, R\u00fccknahmezeitfenstern, die \u00dcberwachung von Verbrauchsdaten, die Hervorhebung \u00abh\u00e4sslicher\u00bb Produkte oder von Produkten mit kurzem Haltbarkeitsdatum: Das Ziel ist einfach, den Erzeugern konkrete Werkzeuge an die Hand zu geben, um Verluste zu verringern und ihr Einkommen zu st\u00e4rken.<\/p>\n\n\n\n<p>Diese Pr\u00e4sentation kn\u00fcpft an das <strong>europ\u00e4isches Projekt SISTERS, finanziert durch Horizont 2020<\/strong>, Regioneo ist ein operativer Baustein f\u00fcr Produzenten. <\/p>\n\n\n\n<p>In der Experimentierphase, <strong>119 Obst- und Gem\u00fcsebauern<\/strong> nahmen teil und testeten die L\u00f6sung, was ihr Potenzial best\u00e4tigte, unverkaufte Waren zu begrenzen und gleichzeitig den lokalen Verkauf zu steigern.<\/p>\n\n\n\n<h2 class=\"wp-block-heading\">Kommerzieller Start von Regioneo in der ersten H\u00e4lfte des Jahres 2026 geplant<\/h2>\n\n\n\n<p>Die R\u00fcckmeldungen aus dieser Pilotphase zeigen, dass eine bessere Organisation des Verkaufs, ein besserer \u00dcberblick \u00fcber die schnell absetzbaren Produkte und ein fein abgestimmtes Bestandsmanagement dazu beitragen, die verschwendeten Mengen in der Produktion deutlich zu reduzieren.<\/p>\n\n\n\n<p>Auf der Grundlage dieser Ergebnisse k\u00fcndigten wir auf der SAFE-Konferenz am <strong>kommerzieller Start von Regioneo f\u00fcr das erste Halbjahr 2026<\/strong>, Mit dem Ziel, die L\u00f6sung einer wachsenden Anzahl von Produzenten in ganz Europa zug\u00e4nglich zu machen.<\/p>\n\n\n\n<p>Diese Skalierung markiert einen wichtigen Schritt: vom Konzeptnachweis zum einsatzf\u00e4higen Werkzeug, <strong>Regioneo positioniert sich als Verb\u00fcndeter vor Ort f\u00fcr die Betriebe<\/strong> die besser verkaufen, weniger verschwenden und ihre Verbindung zu den Verbrauchern st\u00e4rken wollen.<\/p>\n\n\n\n<h2 class=\"wp-block-heading\">Policy Brief, um die europ\u00e4ische Politik weiterzuentwickeln<\/h2>\n\n\n\n<p>Anl\u00e4sslich dieser Konferenz wird ein <a href=\"https:\/\/www.safefoodadvocacy.eu\/events\/register-for-safes-annual-conference-2025\/\" data-type=\"link\" data-id=\"https:\/\/www.safefoodadvocacy.eu\/\" target=\"_blank\" rel=\"noreferrer noopener nofollow\">Policy Brief wurde an europ\u00e4ische Entscheidungstr\u00e4ger verteilt<\/a>, Im Hinblick auf die f\u00fcr 2027 geplante \u00dcberarbeitung der Abfallrahmenrichtlinie (Waste Framework Review).<\/p>\n\n\n\n<p>Dieses Dokument, das von SAFE im Rahmen des SISTERS-Projekts unter Mitwirkung von Regioneo erstellt wurde, enth\u00e4lt mehrere Empfehlungen zur Verringerung des Ausma\u00dfes an Verschwendung in der Produktionsphase.<\/p>\n\n\n\n<p>Zu den hervorgehobenen Kernpunkten geh\u00f6rten :<\/p>\n\n\n\n<ul class=\"wp-block-list\">\n<li>Die Notwendigkeit, Spenden von unverkauften Lebensmitteln auf europ\u00e4ischer Ebene besser zu organisieren, um sie an die Realit\u00e4t eines bereits weitgehend integrierten Agrar- und Lebensmittelmarktes mit EU-weit strukturierten Produktions- und Verbrauchsgebieten anzupassen.<\/li>\n\n\n\n<li>Die Notwendigkeit, die Steueranreize f\u00fcr Unternehmen, die ihre unverkauften Waren an Lebensmittelbanken spenden, in \u00dcbereinstimmung mit den beobachteten durchschnittlichen Niveaus unverkaufter Waren anzupassen. Heute begrenzen viele L\u00e4nder die Steuergutschriften auf 0,5% oder 1% des Umsatzes, w\u00e4hrend unverkaufte Waren bei einigen Akteuren bis zu 10% der Produktion oder des Umsatzes ausmachen k\u00f6nnen.<\/li>\n<\/ul>\n\n\n\n<p>Diese Vorschl\u00e4ge sollen einen gerechteren Rahmen und Anreize f\u00fcr Hersteller und H\u00e4ndler schaffen, die sich f\u00fcr den Kampf gegen Lebensmittelverschwendung engagieren.<\/p>\n\n\n\n<p>Die Teilnahme von Regioneo an der SAFE-Konferenz best\u00e4tigt, wie wichtig es ist, Innovationen aus der Praxis mit der Entwicklung der \u00f6ffentlichen Politik zu verkn\u00fcpfen. <\/p>\n\n\n\n<p>Gemeinsam mit den SISTERS-Partnern, den EU-Institutionen und engagierten Organisationen wollen wir zu einer effizienteren, sparsameren und faireren Lebensmittelkette f\u00fcr Erzeuger und Verbraucher beitragen.<\/p>","protected":false},"excerpt":{"rendered":"<p>Regioneo wurde auf der SAFE 2025-Konferenz in Br\u00fcssel vorgestellt und stellte seine E-Commerce-Plattform vor, die Erzeugern helfen soll, die Lebensmittelverschwendung zu reduzieren. Die kommerzielle Einf\u00fchrung ist f\u00fcr die erste H\u00e4lfte des Jahres 2026 geplant. Kontaktieren Sie uns, um mehr zu erfahren.<\/p>","protected":false},"author":1,"featured_media":2115,"comment_status":"closed","ping_status":"closed","sticky":false,"template":"","format":"standard","meta":{"_seopress_robots_primary_cat":"","_seopress_titles_title":"Regioneo pr\u00e9sent\u00e9 \u00e0 la conf\u00e9rence SAFE 2025 \u00e0 Bruxelles","_seopress_titles_desc":"Regioneo, plateforme e-commerce anti-gaspillage, pr\u00e9sent\u00e9e \u00e0 la conf\u00e9rence SAFE 2025 avant son lancement commercial pr\u00e9vu au premier semestre 2026. ","_seopress_robots_index":"","footnotes":""},"categories":[59,18,60],"tags":[],"class_list":["post-2114","post","type-post","status-publish","format-standard","has-post-thumbnail","hentry","category-initiatives-positives-es","category-lactualite-de-lanti-gaspillage","category-lactualite-regioneo"],"_links":{"self":[{"href":"https:\/\/www.regioneo.com\/de\/wp-json\/wp\/v2\/posts\/2114","targetHints":{"allow":["GET"]}}],"collection":[{"href":"https:\/\/www.regioneo.com\/de\/wp-json\/wp\/v2\/posts"}],"about":[{"href":"https:\/\/www.regioneo.com\/de\/wp-json\/wp\/v2\/types\/post"}],"author":[{"embeddable":true,"href":"https:\/\/www.regioneo.com\/de\/wp-json\/wp\/v2\/users\/1"}],"replies":[{"embeddable":true,"href":"https:\/\/www.regioneo.com\/de\/wp-json\/wp\/v2\/comments?post=2114"}],"version-history":[{"count":2,"href":"https:\/\/www.regioneo.com\/de\/wp-json\/wp\/v2\/posts\/2114\/revisions"}],"predecessor-version":[{"id":2117,"href":"https:\/\/www.regioneo.com\/de\/wp-json\/wp\/v2\/posts\/2114\/revisions\/2117"}],"wp:featuredmedia":[{"embeddable":true,"href":"https:\/\/www.regioneo.com\/de\/wp-json\/wp\/v2\/media\/2115"}],"wp:attachment":[{"href":"https:\/\/www.regioneo.com\/de\/wp-json\/wp\/v2\/media?parent=2114"}],"wp:term":[{"taxonomy":"category","embeddable":true,"href":"https:\/\/www.regioneo.com\/de\/wp-json\/wp\/v2\/categories?post=2114"},{"taxonomy":"post_tag","embeddable":true,"href":"https:\/\/www.regioneo.com\/de\/wp-json\/wp\/v2\/tags?post=2114"}],"curies":[{"name":"wp","href":"https:\/\/api.w.org\/{rel}","templated":true}]}}