{"id":1813,"date":"2025-06-12T15:07:21","date_gmt":"2025-06-12T13:07:21","guid":{"rendered":"https:\/\/www.regioneo.com\/?p=1813"},"modified":"2025-06-12T15:07:25","modified_gmt":"2025-06-12T13:07:25","slug":"baguette-mas-pequena-para-evitar-desperdicios","status":"publish","type":"post","link":"https:\/\/www.regioneo.com\/es\/baguette-mas-pequena-para-evitar-desperdicios\/","title":{"rendered":"\u00bfY si las baguettes fueran m\u00e1s peque\u00f1as para combatir el despilfarro?"},"content":{"rendered":"<p>Y si un poderoso s\u00edmbolo de la cultura francesa, el&nbsp;<strong>baguette de pan<\/strong>, cambiaba de tama\u00f1o por una causa esencial: la lucha contra la<a href=\"https:\/\/www.regioneo.com\/es\/regioneo-en-quelques-mots\/\">&nbsp;<strong>residuos alimentarios<\/strong>&nbsp;<\/a>? Ante los recientes estudios que se\u00f1alan con el dedo la gran cantidad de pan que se tira cada d\u00eda, surge una propuesta: reducir el tama\u00f1o de las baguettes para adaptar mejor la oferta al consumo real.<\/p>\n\n\n\n<p>En&nbsp;<strong>Regioneo<\/strong>, En un mundo en el que el compromiso con la alimentaci\u00f3n local y responsable es fundamental, esta reflexi\u00f3n se hace eco de los valores que vivimos a diario. En este art\u00edculo, Regioneo echa un vistazo a esta nueva opci\u00f3n contra el despilfarro que muchos est\u00e1n considerando.<\/p>\n\n\n\n<h2 class=\"wp-block-heading\"><strong>El despilfarro de pan en Francia: un problema importante<\/strong><\/h2>\n\n\n\n<p>El pan es uno de los alimentos que m\u00e1s se desperdician en Francia. Seg\u00fan el\u2019<a href=\"https:\/\/www.ademe.fr\/\"><strong>ADEME<\/strong><\/a>, 10% de la producci\u00f3n nacional de pan acabar\u00eda en la basura. Esto representa alrededor de&nbsp;<strong>150.000 toneladas<\/strong>&nbsp;al a\u00f1o, el equivalente a varios millones de baguettes de pan. La causa: comprar demasiado pan, utilizar formatos inadecuados o almacenarlo incorrectamente.<\/p>\n\n\n\n<p>Esta constataci\u00f3n incita cada vez a m\u00e1s personas a replantearse nuestros h\u00e1bitos alimentarios. Porque m\u00e1s all\u00e1 del aspecto econ\u00f3mico, este despilfarro tiene un coste medioambiental: el pan desechado supone un derroche de agua, energ\u00eda y mano de obra.<\/p>\n\n\n\n<h2 class=\"wp-block-heading\"><strong>Una propuesta para reducir el tama\u00f1o de las baguettes<\/strong><\/h2>\n\n\n\n<p>En respuesta, varios estudios e iniciativas proponen revisar el formato est\u00e1ndar de la baguette. La idea es ofrecer baguettes m\u00e1s peque\u00f1as, m\u00e1s adaptadas al consumo diario real de los hogares. Esto podr\u00eda contribuir a limitar la cantidad de sobras no consumidas y, en consecuencia, el desperdicio de alimentos.<\/p>\n\n\n\n<p>Ya existen formatos m\u00e1s cortos o finos en algunas panader\u00edas artesanales (ristras, medias baguettes, panes individuales), pero siguen siendo minoritarios en los supermercados y grandes superficies.&nbsp;<strong>canales de distribuci\u00f3n<\/strong>. La cuesti\u00f3n es si estos formatos podr\u00edan convertirse en la norma.<\/p>\n\n\n\n<p>Una baguette m\u00e1s peque\u00f1a podr\u00eda formar parte de una tendencia m\u00e1s global: ofrecer porciones m\u00e1s justas, fomentar un consumo acorde con las necesidades reales y reducir al mismo tiempo el impacto medioambiental.<\/p>\n\n\n\n<h2 class=\"wp-block-heading\"><strong>\u00bfQu\u00e9 repercusiones tendr\u00e1 una baguette m\u00e1s peque\u00f1a para los productores?<\/strong><\/h2>\n\n\n\n<p>Un cambio en el tama\u00f1o de la baguette tendr\u00eda repercusiones en la industria. Los panaderos podr\u00edan tener que modificar sus pr\u00e1cticas: adaptar recetas, reorganizar la producci\u00f3n diaria, estudiar la rentabilidad, etc.<\/p>\n\n\n\n<p>Para el&nbsp;<strong>productores de cereales<\/strong>, El reto no es s\u00f3lo de volumen, sino tambi\u00e9n de valor. Una mejor gesti\u00f3n de los flujos alimentarios, un consumo m\u00e1s medido y una reducci\u00f3n del despilfarro pueden fomentar una agricultura m\u00e1s sostenible, m\u00e1s resistente y m\u00e1s arraigada en el territorio.<\/p>\n\n\n\n<p>Reducir los residuos no significa necesariamente reducir la producci\u00f3n, sino reequilibrar la balanza entre producci\u00f3n, transformaci\u00f3n y consumo.<\/p>\n\n\n\n<h2 class=\"wp-block-heading\"><strong>El compromiso de Regioneo con el consumo responsable<\/strong><\/h2>\n\n\n\n<p>Una alimentaci\u00f3n m\u00e1s local, m\u00e1s justa y m\u00e1s respetuosa con el medio ambiente empieza por peque\u00f1os gestos concretos. Favorecer los canales cortos de distribuci\u00f3n y fomentar un consumo que responda a las necesidades reales est\u00e1n en el centro de la misi\u00f3n de Regioneo.<\/p>\n\n\n\n<p>Regioneo promueve a los productores que se comprometen a limitar los residuos, ya sea mediante la redistribuci\u00f3n de los productos no vendidos o el uso de materias primas locales.<\/p>\n\n\n\n<h2 class=\"wp-block-heading\"><strong>\u00bfHacia una nueva norma de consumo?<\/strong><\/h2>\n\n\n\n<p>Reducir el tama\u00f1o de los palillos quiz\u00e1 no sea s\u00f3lo una cuesti\u00f3n de formato. Tiene que ver con la percepci\u00f3n de&nbsp;<strong>h\u00e1bitos alimentarios<\/strong>, Se trata de la forma de pensar, producir y consumir los productos. Este tema invita a una reflexi\u00f3n m\u00e1s amplia: \u00bfpodemos reducir los residuos sin comprometer las tradiciones alimentarias? \u00bfCorresponde a la oferta adaptarse a la demanda, o al consumo ajustarse a las limitaciones ecol\u00f3gicas? \u00bfC\u00f3mo se ver\u00e1n afectados todos los agentes de la cadena de producci\u00f3n?<\/p>\n\n\n\n<p>\u00bfSe convertir\u00e1 la baguette m\u00e1s peque\u00f1a en una nueva norma en los pr\u00f3ximos a\u00f1os? \u00bfO seguir\u00e1 siendo una iniciativa puntual frente a la complejidad del desperdicio alimentario? La respuesta depender\u00e1 sin duda de las decisiones colectivas, pero tambi\u00e9n de las peque\u00f1as cosas que hacemos a diario.&nbsp;<\/p>","protected":false},"excerpt":{"rendered":"<p>Et si un symbole fort de la culture fran\u00e7aise, la&nbsp;baguette de pain, changeait de taille pour une cause essentielle : la lutte contre le&nbsp;gaspillage alimentaire&nbsp;? Alors que des \u00e9tudes r\u00e9centes pointent du doigt la quantit\u00e9 importante de pain jet\u00e9 chaque jour, une proposition \u00e9merge : r\u00e9duire la taille des baguettes pour mieux adapter l\u2019offre \u00e0 [&hellip;]<\/p>","protected":false},"author":1,"featured_media":1818,"comment_status":"closed","ping_status":"closed","sticky":false,"template":"","format":"standard","meta":{"_seopress_robots_primary_cat":"","_seopress_titles_title":"R\u00e9duire la taille de la baguette de pain : une solution antigaspi ?","_seopress_titles_desc":"D\u00e9couvrez les enjeux de la r\u00e9duction de la taille des baguettes pour les producteurs, la fili\u00e8re pain et la consommation responsable en France.","_seopress_robots_index":"","footnotes":""},"categories":[18],"tags":[],"class_list":["post-1813","post","type-post","status-publish","format-standard","has-post-thumbnail","hentry","category-lactualite-de-lanti-gaspillage"],"_links":{"self":[{"href":"https:\/\/www.regioneo.com\/es\/wp-json\/wp\/v2\/posts\/1813","targetHints":{"allow":["GET"]}}],"collection":[{"href":"https:\/\/www.regioneo.com\/es\/wp-json\/wp\/v2\/posts"}],"about":[{"href":"https:\/\/www.regioneo.com\/es\/wp-json\/wp\/v2\/types\/post"}],"author":[{"embeddable":true,"href":"https:\/\/www.regioneo.com\/es\/wp-json\/wp\/v2\/users\/1"}],"replies":[{"embeddable":true,"href":"https:\/\/www.regioneo.com\/es\/wp-json\/wp\/v2\/comments?post=1813"}],"version-history":[{"count":1,"href":"https:\/\/www.regioneo.com\/es\/wp-json\/wp\/v2\/posts\/1813\/revisions"}],"predecessor-version":[{"id":1822,"href":"https:\/\/www.regioneo.com\/es\/wp-json\/wp\/v2\/posts\/1813\/revisions\/1822"}],"wp:featuredmedia":[{"embeddable":true,"href":"https:\/\/www.regioneo.com\/es\/wp-json\/wp\/v2\/media\/1818"}],"wp:attachment":[{"href":"https:\/\/www.regioneo.com\/es\/wp-json\/wp\/v2\/media?parent=1813"}],"wp:term":[{"taxonomy":"category","embeddable":true,"href":"https:\/\/www.regioneo.com\/es\/wp-json\/wp\/v2\/categories?post=1813"},{"taxonomy":"post_tag","embeddable":true,"href":"https:\/\/www.regioneo.com\/es\/wp-json\/wp\/v2\/tags?post=1813"}],"curies":[{"name":"wp","href":"https:\/\/api.w.org\/{rel}","templated":true}]}}