{"id":2015,"date":"2025-09-23T12:22:34","date_gmt":"2025-09-23T10:22:34","guid":{"rendered":"https:\/\/www.regioneo.com\/?p=2015"},"modified":"2025-09-23T15:49:05","modified_gmt":"2025-09-23T13:49:05","slug":"regioneo-seleccionada-por-innovation-radar","status":"publish","type":"post","link":"https:\/\/www.regioneo.com\/es\/regioneo-seleccionada-por-innovation-radar\/","title":{"rendered":"Regioneo, seleccionada por el Radar de Innovaci\u00f3n de la Comisi\u00f3n Europea"},"content":{"rendered":"<p>Es una gran noticia para todo el equipo y nuestra red local. <strong>Regioneo acaba de ser <a href=\"https:\/\/innovation-radar.ec.europa.eu\/innovation\/60738\">seleccionado por el Radar de Innovaci\u00f3n de la Comisi\u00f3n Europea<\/a><\/strong>, Este reconocimiento sit\u00faa nuestra soluci\u00f3n SaaS entre las mejores del mundo. <strong>Las innovaciones m\u00e1s prometedoras de Europa<\/strong>. <\/p>\n\n\n\n<p>Este anuncio arroja luz sobre <a href=\"https:\/\/sistersproject.eu\/resources\/regioneo\/\">nuestra participaci\u00f3n en el proyecto europeo SISTERS<\/a>, Este proyecto financiado por Horizonte 2020 re\u00fane a 18 socios de 8 pa\u00edses para reducir las p\u00e9rdidas de alimentos en casi 30 % y las emisiones de CO2 en 20 %.<\/p>\n\n\n\n<p>Regioneo ofrece ahora a todos los productores de frutas y hortalizas una ventanilla \u00fanica para <a href=\"https:\/\/www.regioneo.com\/es\/\">una forma r\u00e1pida y sencilla de lanzar su tienda en l\u00ednea en menos de 24 horas<\/a>, Pueden gestionar su cat\u00e1logo, ofrecer ofertas antigaspi y controlar las fechas de caducidad, impulsando as\u00ed la econom\u00eda local y el acceso a alimentos sanos.<\/p>\n\n\n\n<h2 class=\"wp-block-heading\">\u00bfQu\u00e9 es el Radar de Innovaci\u00f3n?<\/h2>\n\n\n\n<p>Puesta en marcha por la Comisi\u00f3n Europea en 2018, la\u2019<a href=\"https:\/\/digital-strategy.ec.europa.eu\/fr\/policies\/innovation-radar\" target=\"_blank\" rel=\"noreferrer noopener nofollow\">Radar de innovaci\u00f3n<\/a> es una plataforma para identificar, orientar y promover las mejores innovaciones de los proyectos financiados por la UE. Desarrollada por el Centro Com\u00fan de Investigaci\u00f3n, se basa en un estricto m\u00e9todo de an\u00e1lisis que combina la evaluaci\u00f3n del potencial de mercado y el car\u00e1cter innovador de las soluciones.<\/p>\n\n\n\n<p>Uno de los puntos fuertes de Innovation Radar es que pone a disposici\u00f3n del p\u00fablico una enorme base de datos de innovaciones financiadas, al tiempo que ofrece a los emprendedores asesoramiento experto a lo largo del desarrollo de su proyecto. <\/p>\n\n\n\n<h2 class=\"wp-block-heading\">La selecci\u00f3n de Regioneo y su impacto<\/h2>\n\n\n\n<p>Ser seleccionados por Innovation Radar es un paso estrat\u00e9gico para nuestro trabajo en la encrucijada de la tecnolog\u00eda agr\u00edcola y la alimentaci\u00f3n sostenible. Regioneo es un componente clave del proyecto SISTERS, cuyo objetivo es a\u00f1adir valor a los productos excluidos de los canales tradicionales a trav\u00e9s de una plataforma de comercio electr\u00f3nico llave en mano. <\/p>\n\n\n\n<p>Hay mucho en juego: la\u2019<strong>La Uni\u00f3n Europea produce casi 89 millones de toneladas de residuos alimentarios al a\u00f1o, con un coste estimado de 143.000 millones de euros.<\/strong>. Con Regioneo, los agricultores pueden crear ofertas atractivas para los productos de sus cosechas, controlar los precios y los pedidos, y <strong>desarrollan sus ventas a trav\u00e9s de canales de distribuci\u00f3n cortos<\/strong>.<\/p>\n\n\n\n<h3 class=\"wp-block-heading\">Seleccionado para el Premio 2025<\/h3>\n\n\n\n<figure class=\"wp-block-image size-full is-resized\"><img fetchpriority=\"high\" decoding=\"async\" width=\"800\" height=\"418\" src=\"https:\/\/www.regioneo.com\/wp-content\/uploads\/2025\/09\/Innovation-Radar-Prize-2025.webp\" alt=\"\" class=\"wp-image-2030\" style=\"width:840px;height:auto\" srcset=\"https:\/\/www.regioneo.com\/wp-content\/uploads\/2025\/09\/Innovation-Radar-Prize-2025.webp 800w, https:\/\/www.regioneo.com\/wp-content\/uploads\/2025\/09\/Innovation-Radar-Prize-2025-300x157.webp 300w, https:\/\/www.regioneo.com\/wp-content\/uploads\/2025\/09\/Innovation-Radar-Prize-2025-768x401.webp 768w\" sizes=\"(max-width: 800px) 100vw, 800px\" \/><\/figure>\n\n\n\n<p>Tras su selecci\u00f3n o candidatura, Regioneo podr\u00e1 participar en el Innovation Radar Prize 2025, que se celebrar\u00e1 el 10 de noviembre en Lisboa, en el AI Hub del Beato Innovation District, coorganizado con Dealflow.eu y Unicorn Factory Lisboa. <\/p>\n\n\n\n<p>El premio reunir\u00e1 innovaciones de tres categor\u00edas: <strong>IA, Hardware y Rob\u00f3tica, y Climat-Tech<\/strong>. Es una gran oportunidad para mostrar nuestros avances, hablar con inversores y responsables de la toma de decisiones y poner de relieve nuestro impacto social y medioambiental.<\/p>\n\n\n\n<h2 class=\"wp-block-heading\">Una din\u00e1mica colectiva y perspectivas<\/h2>\n\n\n\n<p>Este \u00e9xito es colectivo, ya que se basa en los socios del proyecto SISTERS, en <a href=\"https:\/\/www.bm-services.com\/\" data-type=\"link\" data-id=\"https:\/\/www.bm-services.com\/\" target=\"_blank\" rel=\"noreferrer noopener nofollow\">Servicios BM<\/a>, y todo el ecosistema de Regioneo. Juntos estamos demostrando que la innovaci\u00f3n puede nacer y crecer en las regiones, al servicio de objetivos concretos: comer mejor, desperdiciar menos, impulsar la econom\u00eda local. <\/p>\n\n\n\n<p>La inclusi\u00f3n de Regioneo en el Radar de la Innovaci\u00f3n y nuestra candidatura al Prix 2025 nos enorgullecen. Este reconocimiento confirma nuestra ambici\u00f3n: ofrecer a los productores herramientas sencillas para vender mejor, reducir los residuos y crear valor localmente. <\/p>\n\n\n\n<p>Si eres agricultor, \u00fanete a la aventura. Juntos, avancemos en la alimentaci\u00f3n responsable y la tecnolog\u00eda digital para Europa.<\/p>","protected":false},"excerpt":{"rendered":"<p>Regioneo, reconocido por el Radar de la Innovaci\u00f3n de la Comisi\u00f3n Europea, ayuda a los productores a vender a trav\u00e9s de canales de distribuci\u00f3n cortos reduciendo al mismo tiempo el desperdicio de alimentos.<\/p>","protected":false},"author":1,"featured_media":2022,"comment_status":"closed","ping_status":"closed","sticky":false,"template":"","format":"standard","meta":{"_seopress_robots_primary_cat":"","_seopress_titles_title":"Regioneo S\u00e9lectionn\u00e9 par l\u2019Innovation Radar 2025","_seopress_titles_desc":"Regioneo int\u00e8gre l\u2019Innovation Radar de la Commission europ\u00e9enne, mettant en avant sa solution e-commerce pour booster les ventes directes et valoriser les productions anti\u2011gaspi.","_seopress_robots_index":"","footnotes":""},"categories":[60,61],"tags":[],"class_list":["post-2015","post","type-post","status-publish","format-standard","has-post-thumbnail","hentry","category-lactualite-regioneo","category-la-presse-en-parle"],"_links":{"self":[{"href":"https:\/\/www.regioneo.com\/es\/wp-json\/wp\/v2\/posts\/2015","targetHints":{"allow":["GET"]}}],"collection":[{"href":"https:\/\/www.regioneo.com\/es\/wp-json\/wp\/v2\/posts"}],"about":[{"href":"https:\/\/www.regioneo.com\/es\/wp-json\/wp\/v2\/types\/post"}],"author":[{"embeddable":true,"href":"https:\/\/www.regioneo.com\/es\/wp-json\/wp\/v2\/users\/1"}],"replies":[{"embeddable":true,"href":"https:\/\/www.regioneo.com\/es\/wp-json\/wp\/v2\/comments?post=2015"}],"version-history":[{"count":6,"href":"https:\/\/www.regioneo.com\/es\/wp-json\/wp\/v2\/posts\/2015\/revisions"}],"predecessor-version":[{"id":2035,"href":"https:\/\/www.regioneo.com\/es\/wp-json\/wp\/v2\/posts\/2015\/revisions\/2035"}],"wp:featuredmedia":[{"embeddable":true,"href":"https:\/\/www.regioneo.com\/es\/wp-json\/wp\/v2\/media\/2022"}],"wp:attachment":[{"href":"https:\/\/www.regioneo.com\/es\/wp-json\/wp\/v2\/media?parent=2015"}],"wp:term":[{"taxonomy":"category","embeddable":true,"href":"https:\/\/www.regioneo.com\/es\/wp-json\/wp\/v2\/categories?post=2015"},{"taxonomy":"post_tag","embeddable":true,"href":"https:\/\/www.regioneo.com\/es\/wp-json\/wp\/v2\/tags?post=2015"}],"curies":[{"name":"wp","href":"https:\/\/api.w.org\/{rel}","templated":true}]}}