{"id":1813,"date":"2025-06-12T15:07:21","date_gmt":"2025-06-12T13:07:21","guid":{"rendered":"https:\/\/www.regioneo.com\/?p=1813"},"modified":"2025-06-12T15:07:25","modified_gmt":"2025-06-12T13:07:25","slug":"baguette-piu-piccole-per-evitare-sprechi","status":"publish","type":"post","link":"https:\/\/www.regioneo.com\/it\/baguette-piu-piccole-per-evitare-sprechi\/","title":{"rendered":"E se le baguette diventassero pi\u00f9 piccole per combattere gli sprechi?"},"content":{"rendered":"<p>E se un potente simbolo della cultura francese, la&nbsp;<strong>pane baguette<\/strong>, stava cambiando dimensione per una causa essenziale: la lotta contro la<a href=\"https:\/\/www.regioneo.com\/it\/regioneo-en-quelques-mots\/\">&nbsp;<strong>rifiuti alimentari<\/strong>&nbsp;<\/a>? Con i recenti studi che puntano il dito contro la grande quantit\u00e0 di pane buttato via ogni giorno, sta emergendo una proposta: ridurre le dimensioni delle baguette per adattare meglio l'offerta al consumo effettivo.<\/p>\n\n\n\n<p>A&nbsp;<strong>Regioneo<\/strong>, In un mondo in cui l'impegno per un'alimentazione locale e responsabile \u00e8 centrale, questa riflessione riecheggia i valori che viviamo ogni giorno. In questo articolo, Regioneo d\u00e0 uno sguardo a questa nuova opzione anti-spreco presa in considerazione da molti.<\/p>\n\n\n\n<h2 class=\"wp-block-heading\"><strong>Lo spreco di pane in Francia: un problema importante<\/strong><\/h2>\n\n\n\n<p>Il pane \u00e8 uno degli alimenti pi\u00f9 sprecati in Francia. Secondo il\u2019<a href=\"https:\/\/www.ademe.fr\/\"><strong>ADEME<\/strong><\/a>, 10% della produzione nazionale di pane finirebbe nella spazzatura. Ci\u00f2 rappresenta circa&nbsp;<strong>150.000 tonnellate<\/strong>&nbsp;all'anno, l'equivalente di diversi milioni di baguette di pane. La causa: l'acquisto di una quantit\u00e0 eccessiva di pane, l'utilizzo di formati inadatti o la conservazione non corretta.<\/p>\n\n\n\n<p>Questa constatazione spinge sempre pi\u00f9 persone a ripensare le nostre abitudini alimentari. Perch\u00e9 oltre all'aspetto economico, questo spreco ha un costo ambientale: pane scartato significa spreco di acqua, energia e lavoro.<\/p>\n\n\n\n<h2 class=\"wp-block-heading\"><strong>Una proposta per ridurre le dimensioni delle baguette<\/strong><\/h2>\n\n\n\n<p>In risposta, diversi studi e iniziative propongono una revisione del formato standard della baguette. L'idea \u00e8 quella di offrire baguette pi\u00f9 piccole, pi\u00f9 adatte all'effettivo consumo quotidiano delle famiglie. Ci\u00f2 potrebbe contribuire a limitare la quantit\u00e0 di avanzi non consumati e, di conseguenza, gli sprechi alimentari.<\/p>\n\n\n\n<p>I formati pi\u00f9 corti o pi\u00f9 sottili esistono gi\u00e0 in alcune panetterie artigianali (filoncini, mezze baguette, pagnotte singole) ma sono ancora una minoranza nei supermercati e nella grande distribuzione.&nbsp;<strong>canali di distribuzione<\/strong>. La domanda \u00e8 se questi formati possano diventare la norma.<\/p>\n\n\n\n<p>Una baguette pi\u00f9 piccola potrebbe far parte di una tendenza pi\u00f9 globale: offrire porzioni pi\u00f9 eque, incoraggiare un consumo in linea con le reali esigenze, riducendo al contempo l'impatto ambientale.<\/p>\n\n\n\n<h2 class=\"wp-block-heading\"><strong>Che impatto avr\u00e0 una baguette pi\u00f9 piccola sui produttori?<\/strong><\/h2>\n\n\n\n<p>Un cambiamento nelle dimensioni della baguette avrebbe ripercussioni sull'industria. I panettieri potrebbero dover modificare le loro pratiche: adattare le ricette, riorganizzare la produzione giornaliera, studiare la redditivit\u00e0, ecc.<\/p>\n\n\n\n<p>Per il&nbsp;<strong>produttori di cereali<\/strong>, La sfida non \u00e8 solo di volume, ma anche di valore. Una migliore gestione dei flussi alimentari, un consumo pi\u00f9 misurato e una riduzione degli sprechi possono favorire un'agricoltura pi\u00f9 sostenibile, pi\u00f9 resiliente e pi\u00f9 radicata nel territorio.<\/p>\n\n\n\n<p>Ridurre i rifiuti non significa necessariamente ridurre la produzione: significa piuttosto riequilibrare il rapporto tra produzione, trasformazione e consumo.<\/p>\n\n\n\n<h2 class=\"wp-block-heading\"><strong>L'impegno di Regioneo per un consumo responsabile<\/strong><\/h2>\n\n\n\n<p>Un'alimentazione pi\u00f9 locale, pi\u00f9 giusta e pi\u00f9 rispettosa dell'ambiente parte da piccoli gesti concreti. Favorire i canali di distribuzione corti e incoraggiare un consumo che risponda a bisogni reali sono al centro della missione di Regioneo.<\/p>\n\n\n\n<p>Regioneo promuove i produttori che si impegnano a limitare gli sprechi, sia attraverso la ridistribuzione dei prodotti invenduti sia attraverso l'utilizzo di materie prime locali.<\/p>\n\n\n\n<h2 class=\"wp-block-heading\"><strong>Verso un nuovo standard di consumo?<\/strong><\/h2>\n\n\n\n<p>Ridurre le dimensioni delle bacchette non \u00e8 forse solo una questione di formato. Ha a che fare con la percezione di&nbsp;<strong>abitudini alimentari<\/strong>, Si tratta del modo in cui i prodotti vengono pensati, prodotti e consumati. Questo tema invita a una riflessione pi\u00f9 ampia: possiamo ridurre gli sprechi senza compromettere le tradizioni alimentari? Spetta all'offerta adattarsi alla domanda o al consumo adeguarsi ai vincoli ecologici? Come saranno coinvolti tutti gli attori della catena di produzione?<\/p>\n\n\n\n<p>La baguette pi\u00f9 piccola diventer\u00e0 un nuovo standard negli anni a venire? O rimarr\u00e0 un'iniziativa isolata di fronte alla complessit\u00e0 dello spreco alimentare? La risposta dipender\u00e0 senza dubbio dalle scelte collettive, ma anche dalle piccole cose che facciamo quotidianamente.&nbsp;<\/p>","protected":false},"excerpt":{"rendered":"<p>Et si un symbole fort de la culture fran\u00e7aise, la&nbsp;baguette de pain, changeait de taille pour une cause essentielle : la lutte contre le&nbsp;gaspillage alimentaire&nbsp;? Alors que des \u00e9tudes r\u00e9centes pointent du doigt la quantit\u00e9 importante de pain jet\u00e9 chaque jour, une proposition \u00e9merge : r\u00e9duire la taille des baguettes pour mieux adapter l\u2019offre \u00e0 [&hellip;]<\/p>","protected":false},"author":1,"featured_media":1818,"comment_status":"closed","ping_status":"closed","sticky":false,"template":"","format":"standard","meta":{"_seopress_robots_primary_cat":"","_seopress_titles_title":"R\u00e9duire la taille de la baguette de pain : une solution antigaspi ?","_seopress_titles_desc":"D\u00e9couvrez les enjeux de la r\u00e9duction de la taille des baguettes pour les producteurs, la fili\u00e8re pain et la consommation responsable en France.","_seopress_robots_index":"","footnotes":""},"categories":[18],"tags":[],"class_list":["post-1813","post","type-post","status-publish","format-standard","has-post-thumbnail","hentry","category-lactualite-de-lanti-gaspillage"],"_links":{"self":[{"href":"https:\/\/www.regioneo.com\/it\/wp-json\/wp\/v2\/posts\/1813","targetHints":{"allow":["GET"]}}],"collection":[{"href":"https:\/\/www.regioneo.com\/it\/wp-json\/wp\/v2\/posts"}],"about":[{"href":"https:\/\/www.regioneo.com\/it\/wp-json\/wp\/v2\/types\/post"}],"author":[{"embeddable":true,"href":"https:\/\/www.regioneo.com\/it\/wp-json\/wp\/v2\/users\/1"}],"replies":[{"embeddable":true,"href":"https:\/\/www.regioneo.com\/it\/wp-json\/wp\/v2\/comments?post=1813"}],"version-history":[{"count":1,"href":"https:\/\/www.regioneo.com\/it\/wp-json\/wp\/v2\/posts\/1813\/revisions"}],"predecessor-version":[{"id":1822,"href":"https:\/\/www.regioneo.com\/it\/wp-json\/wp\/v2\/posts\/1813\/revisions\/1822"}],"wp:featuredmedia":[{"embeddable":true,"href":"https:\/\/www.regioneo.com\/it\/wp-json\/wp\/v2\/media\/1818"}],"wp:attachment":[{"href":"https:\/\/www.regioneo.com\/it\/wp-json\/wp\/v2\/media?parent=1813"}],"wp:term":[{"taxonomy":"category","embeddable":true,"href":"https:\/\/www.regioneo.com\/it\/wp-json\/wp\/v2\/categories?post=1813"},{"taxonomy":"post_tag","embeddable":true,"href":"https:\/\/www.regioneo.com\/it\/wp-json\/wp\/v2\/tags?post=1813"}],"curies":[{"name":"wp","href":"https:\/\/api.w.org\/{rel}","templated":true}]}}