{"id":2015,"date":"2025-09-23T12:22:34","date_gmt":"2025-09-23T10:22:34","guid":{"rendered":"https:\/\/www.regioneo.com\/?p=2015"},"modified":"2025-09-23T15:49:05","modified_gmt":"2025-09-23T13:49:05","slug":"regioneo-selecionada-pelo-radar-da-inovacao","status":"publish","type":"post","link":"https:\/\/www.regioneo.com\/pt\/regioneo-selecionada-pelo-radar-da-inovacao\/","title":{"rendered":"Regioneo selecionado pelo Radar de Inova\u00e7\u00e3o da Comiss\u00e3o Europeia"},"content":{"rendered":"<p>Esta \u00e9 uma excelente not\u00edcia para toda a equipa e para a nossa rede local. <strong>O Regioneo acaba de ser <a href=\"https:\/\/innovation-radar.ec.europa.eu\/innovation\/60738\">selecionado pelo Radar da Inova\u00e7\u00e3o da Comiss\u00e3o Europeia<\/a><\/strong>, Este reconhecimento coloca a nossa solu\u00e7\u00e3o SaaS entre as melhores do mundo. <strong>As inova\u00e7\u00f5es mais promissoras da Europa<\/strong>. <\/p>\n\n\n\n<p>Este an\u00fancio lan\u00e7a luz sobre <a href=\"https:\/\/sistersproject.eu\/resources\/regioneo\/\">a nossa participa\u00e7\u00e3o no projeto europeu SISTERS<\/a>, Este projeto financiado pelo programa Horizonte 2020 re\u00fane 18 parceiros de 8 pa\u00edses para reduzir as perdas de alimentos em quase 30 % e as emiss\u00f5es de CO2 em 20 %.<\/p>\n\n\n\n<p>A Regioneo oferece agora a todos os produtores de frutas e legumes uma ferramenta f\u00e1cil de utilizar <a href=\"https:\/\/www.regioneo.com\/pt\/\">uma forma r\u00e1pida e f\u00e1cil de lan\u00e7ar a sua loja virtual em menos de 24 horas<\/a>, Podem gerir o seu cat\u00e1logo, oferecer ofertas anti-g\u00e1s e controlar os prazos de validade, impulsionando assim a economia local e o acesso a alimentos saud\u00e1veis.<\/p>\n\n\n\n<h2 class=\"wp-block-heading\">O que \u00e9 o Radar da Inova\u00e7\u00e3o?<\/h2>\n\n\n\n<p>Lan\u00e7ada pela Comiss\u00e3o Europeia em 2018, a\u2019<a href=\"https:\/\/digital-strategy.ec.europa.eu\/fr\/policies\/innovation-radar\" target=\"_blank\" rel=\"noreferrer noopener nofollow\">Radar de inova\u00e7\u00e3o<\/a> \u00e9 uma plataforma para identificar, orientar e promover as melhores inova\u00e7\u00f5es dos projectos financiados pela UE. Desenvolvida pelo Centro Comum de Investiga\u00e7\u00e3o, baseia-se num m\u00e9todo de an\u00e1lise rigoroso, que combina a avalia\u00e7\u00e3o do potencial de mercado e o car\u00e1cter inovador das solu\u00e7\u00f5es.<\/p>\n\n\n\n<p>Um dos pontos fortes do Innovation Radar \u00e9 o facto de fornecer ao p\u00fablico uma enorme base de dados de inova\u00e7\u00f5es financiadas, ao mesmo tempo que oferece aos empres\u00e1rios aconselhamento especializado ao longo do desenvolvimento do seu projeto. <\/p>\n\n\n\n<h2 class=\"wp-block-heading\">A sele\u00e7\u00e3o de Regioneo e o seu impacto<\/h2>\n\n\n\n<p>Ser selecionado pelo Innovation Radar \u00e9 um passo estrat\u00e9gico para o nosso trabalho no cruzamento da agritech e da alimenta\u00e7\u00e3o sustent\u00e1vel. A Regioneo \u00e9 uma componente chave do projeto SISTERS, que visa acrescentar valor aos produtos exclu\u00eddos dos canais tradicionais atrav\u00e9s de uma plataforma de com\u00e9rcio eletr\u00f3nico chave-na-m\u00e3o. <\/p>\n\n\n\n<p>Os riscos s\u00e3o grandes: o\u2019<strong>A Uni\u00e3o Europeia produz quase 89 milh\u00f5es de toneladas de res\u00edduos alimentares por ano, com um custo estimado em 143 mil milh\u00f5es de euros.<\/strong>. Com Regioneo, os produtores podem criar ofertas atractivas para os produtos das suas colheitas, controlar os pre\u00e7os e as encomendas, e <strong>est\u00e3o a desenvolver as suas vendas atrav\u00e9s de canais de distribui\u00e7\u00e3o curtos<\/strong>.<\/p>\n\n\n\n<h3 class=\"wp-block-heading\">Selecionado para o Pr\u00e9mio 2025<\/h3>\n\n\n\n<figure class=\"wp-block-image size-full is-resized\"><img fetchpriority=\"high\" decoding=\"async\" width=\"800\" height=\"418\" src=\"https:\/\/www.regioneo.com\/wp-content\/uploads\/2025\/09\/Innovation-Radar-Prize-2025.webp\" alt=\"\" class=\"wp-image-2030\" style=\"width:840px;height:auto\" srcset=\"https:\/\/www.regioneo.com\/wp-content\/uploads\/2025\/09\/Innovation-Radar-Prize-2025.webp 800w, https:\/\/www.regioneo.com\/wp-content\/uploads\/2025\/09\/Innovation-Radar-Prize-2025-300x157.webp 300w, https:\/\/www.regioneo.com\/wp-content\/uploads\/2025\/09\/Innovation-Radar-Prize-2025-768x401.webp 768w\" sizes=\"(max-width: 800px) 100vw, 800px\" \/><\/figure>\n\n\n\n<p>Ap\u00f3s a sua sele\u00e7\u00e3o ou candidatura, a Regioneo pode participar no Pr\u00e9mio Radar Inova\u00e7\u00e3o 2025, que ter\u00e1 lugar no dia 10 de novembro em Lisboa, no AI Hub do Beato Innovation District, coorganizado com a Dealflow.eu e a Unicorn Factory Lisboa. <\/p>\n\n\n\n<p>O pr\u00e9mio reunir\u00e1 inova\u00e7\u00f5es de tr\u00eas categorias: <strong>IA, hardware e rob\u00f3tica, e tecnologia clim\u00e1tica<\/strong>. \u00c9 uma \u00f3ptima oportunidade para mostrar os nossos progressos, falar com investidores e decisores e real\u00e7ar o nosso impacto social e ambiental.<\/p>\n\n\n\n<h2 class=\"wp-block-heading\">Uma din\u00e2mica colectiva e perspectivas<\/h2>\n\n\n\n<p>Este sucesso \u00e9 coletivo, uma vez que assenta nos parceiros do projeto SISTERS, em <a href=\"https:\/\/www.bm-services.com\/\" data-type=\"link\" data-id=\"https:\/\/www.bm-services.com\/\" target=\"_blank\" rel=\"noreferrer noopener nofollow\">Servi\u00e7os BM<\/a>, e todo o ecossistema Regioneo. Juntos, mostramos que a inova\u00e7\u00e3o pode nascer e ser criada nas regi\u00f5es, para servir objectivos concretos: comer melhor, desperdi\u00e7ar menos, dinamizar a economia local. <\/p>\n\n\n\n<p>A inclus\u00e3o da Regioneo no Radar da Inova\u00e7\u00e3o e a nossa candidatura ao Prix 2025 deixam-nos orgulhosos. Este reconhecimento confirma a nossa ambi\u00e7\u00e3o: oferecer aos produtores ferramentas simples para vender melhor, reduzir os desperd\u00edcios e criar valor localmente. <\/p>\n\n\n\n<p>Se \u00e9 agricultor, junte-se a esta aventura. Juntos, vamos fazer progressos no dom\u00ednio da alimenta\u00e7\u00e3o respons\u00e1vel e da tecnologia digital para a Europa.<\/p>","protected":false},"excerpt":{"rendered":"<p>A Regioneo, reconhecida pelo Radar da Inova\u00e7\u00e3o da Comiss\u00e3o Europeia, ajuda os produtores a vender atrav\u00e9s de canais de distribui\u00e7\u00e3o curtos, reduzindo simultaneamente o desperd\u00edcio alimentar.<\/p>","protected":false},"author":1,"featured_media":2022,"comment_status":"closed","ping_status":"closed","sticky":false,"template":"","format":"standard","meta":{"_seopress_robots_primary_cat":"","_seopress_titles_title":"Regioneo S\u00e9lectionn\u00e9 par l\u2019Innovation Radar 2025","_seopress_titles_desc":"Regioneo int\u00e8gre l\u2019Innovation Radar de la Commission europ\u00e9enne, mettant en avant sa solution e-commerce pour booster les ventes directes et valoriser les productions anti\u2011gaspi.","_seopress_robots_index":"","footnotes":""},"categories":[60,61],"tags":[],"class_list":["post-2015","post","type-post","status-publish","format-standard","has-post-thumbnail","hentry","category-lactualite-regioneo","category-la-presse-en-parle"],"_links":{"self":[{"href":"https:\/\/www.regioneo.com\/pt\/wp-json\/wp\/v2\/posts\/2015","targetHints":{"allow":["GET"]}}],"collection":[{"href":"https:\/\/www.regioneo.com\/pt\/wp-json\/wp\/v2\/posts"}],"about":[{"href":"https:\/\/www.regioneo.com\/pt\/wp-json\/wp\/v2\/types\/post"}],"author":[{"embeddable":true,"href":"https:\/\/www.regioneo.com\/pt\/wp-json\/wp\/v2\/users\/1"}],"replies":[{"embeddable":true,"href":"https:\/\/www.regioneo.com\/pt\/wp-json\/wp\/v2\/comments?post=2015"}],"version-history":[{"count":6,"href":"https:\/\/www.regioneo.com\/pt\/wp-json\/wp\/v2\/posts\/2015\/revisions"}],"predecessor-version":[{"id":2035,"href":"https:\/\/www.regioneo.com\/pt\/wp-json\/wp\/v2\/posts\/2015\/revisions\/2035"}],"wp:featuredmedia":[{"embeddable":true,"href":"https:\/\/www.regioneo.com\/pt\/wp-json\/wp\/v2\/media\/2022"}],"wp:attachment":[{"href":"https:\/\/www.regioneo.com\/pt\/wp-json\/wp\/v2\/media?parent=2015"}],"wp:term":[{"taxonomy":"category","embeddable":true,"href":"https:\/\/www.regioneo.com\/pt\/wp-json\/wp\/v2\/categories?post=2015"},{"taxonomy":"post_tag","embeddable":true,"href":"https:\/\/www.regioneo.com\/pt\/wp-json\/wp\/v2\/tags?post=2015"}],"curies":[{"name":"wp","href":"https:\/\/api.w.org\/{rel}","templated":true}]}}